{"id":26441,"date":"2025-09-28T21:02:55","date_gmt":"2025-09-28T18:02:55","guid":{"rendered":"https:\/\/kolayrezervasyon.com.tr\/blog\/musli-kilo-aldirir-mi\/"},"modified":"2025-09-28T21:02:55","modified_gmt":"2025-09-28T18:02:55","slug":"musli-kilo-aldirir-mi","status":"publish","type":"post","link":"https:\/\/kolayrezervasyon.com.tr\/blog\/musli-kilo-aldirir-mi\/","title":{"rendered":"M\u00fcsli kilo aldirir mi?"},"content":{"rendered":"<p>M\u00fcsli, son d\u00f6nemlerde pop\u00fcler bir kahvalt\u0131 se\u00e7ene\u011fi haline gelmi\u015ftir. Sa\u011fl\u0131kl\u0131 beslenme trendinin artmas\u0131yla birlikte bir\u00e7ok ki\u015fi m\u00fcsli t\u00fcketmeye ba\u015flam\u0131\u015ft\u0131r. Ancak, m\u00fcsli kilo ald\u0131r\u0131r m\u0131 sorusu da s\u0131k\u00e7a sorulan bir sorudur. Bu konuda bilinmesi gereken birka\u00e7 \u00f6nemli nokta bulunmaktad\u0131r.<\/p>\n<p>\u00d6ncelikle, m\u00fcslinin i\u00e7eri\u011fine ve porsiyonuna dikkat etmek kilo al\u0131m\u0131n\u0131 \u00f6nlemek i\u00e7in \u00f6nemlidir. Genellikle m\u00fcsliler y\u00fcksek lif i\u00e7eri\u011fine sahip oldu\u011fu i\u00e7in tokluk hissi sa\u011flar ve fazla yemeyi engeller. Ancak, i\u00e7erisinde bulunan kuruyemi\u015fler, kuru meyveler veya eklenmi\u015f \u015feker gibi y\u00fcksek kalorili malzemeler m\u00fcslinin kalori de\u011ferini art\u0131rabilir. Bu nedenle, m\u00fcslinin i\u00e7eri\u011fini kontrol etmek ve dengeli bir \u015fekilde t\u00fcketmek kilo kontrol\u00fc a\u00e7\u0131s\u0131ndan \u00f6nemlidir.<\/p>\n<p>Ayr\u0131ca, m\u00fcslinin porsiyonuna da dikkat etmek gerekmektedir. \u00d6zellikle abart\u0131lm\u0131\u015f porsiyonlar t\u00fcketmek kilo al\u0131m\u0131na neden olabilir. Bir kase m\u00fcsli ile ba\u015flamak ve gerekirse yan\u0131nda bir miktar meyve eklemek daha dengeli bir tercih olabilir. Ayr\u0131ca, m\u00fcslinin s\u00fct veya yo\u011furt ile t\u00fcketilmesi protein al\u0131m\u0131n\u0131 art\u0131rabilir ve tokluk hissini daha uzun s\u00fcre koruman\u0131 sa\u011flayabilir.<\/p>\n<p>Kolay Rezervasyon olarak, sa\u011fl\u0131kl\u0131 beslenmeyi desteklemek amac\u0131yla \u00e7e\u015fitli m\u00fcsli se\u00e7eneklerini ma\u011fazam\u0131zda bulunduruyoruz. Ma\u011fazam\u0131z\u0131 ziyaret ederek, farkl\u0131 markalar\u0131n ve i\u00e7eriklerin yer ald\u0131\u011f\u0131 m\u00fcsli \u00e7e\u015fitlerinden diledi\u011finizi se\u00e7ebilirsiniz. Ayr\u0131ca, online rezervasyon sistemlerimiz arac\u0131l\u0131\u011f\u0131yla h\u0131zl\u0131 ve kolay bir \u015fekilde al\u0131\u015fveri\u015f yapabilirsiniz. Ma\u011fazam\u0131za \u00fcye olman\u0131z durumunda, avantajl\u0131 kampanyalardan ve indirimlerden faydalanabilirsiniz.<\/p>\n<p>E\u011fer spor salonu gibi aktif bir ya\u015fam tarz\u0131n\u0131 benimsiyorsan\u0131z, m\u00fcsli t\u00fcketiminin enerji ihtiyac\u0131n\u0131z\u0131 kar\u015f\u0131lamaya yard\u0131mc\u0131 olabilece\u011fini unutmay\u0131n. Spor \u00f6ncesi veya sonras\u0131nda t\u00fcketece\u011finiz m\u00fcsli, v\u00fccudunuzun ihtiya\u00e7 duydu\u011fu besinleri sa\u011flayarak antrenman performans\u0131n\u0131z\u0131 art\u0131rabilir.<\/p>\n<p>Sonu\u00e7 olarak, m\u00fcsli kilo ald\u0131rabilir mi sorusunun cevab\u0131 t\u00fcketim \u015feklinize ve miktar\u0131na ba\u011fl\u0131d\u0131r. Dengeli ve \u00f6l\u00e7\u00fcl\u00fc bir \u015fekilde t\u00fcketildi\u011finde m\u00fcsli sa\u011fl\u0131kl\u0131 bir kahvalt\u0131 se\u00e7ene\u011fi olabilir. Kolay Rezervasyon ma\u011fazam\u0131zdan diledi\u011finiz m\u00fcsli \u00e7e\u015fidini temin edebilir ve sa\u011fl\u0131kl\u0131 beslenme al\u0131\u015fkanl\u0131klar\u0131n\u0131za destek olabilirsiniz. Sa\u011fl\u0131kl\u0131 ya\u015fam i\u00e7in ad\u0131mlar\u0131n\u0131z\u0131 atarken, Kolay Rezervasyon&#8217;un online rezervasyon sistemlerinden faydalanarak al\u0131\u015fveri\u015f deneyiminizi kolayla\u015ft\u0131rabilirsiniz. \u00dcye olmak i\u00e7in hemen Kolay Rezervasyon \u00fcye kay\u0131t sayfam\u0131z\u0131 ziyaret edin ve sa\u011fl\u0131kl\u0131 beslenme yolculu\u011funuza bug\u00fcn ba\u015flay\u0131n!<\/p>\n","protected":false},"excerpt":{"rendered":"<p>M\u00fcsli, son d\u00f6nemlerde pop\u00fcler bir kahvalt\u0131 se\u00e7ene\u011fi haline gelmi\u015ftir. Sa\u011fl\u0131kl\u0131 beslenme trendinin artmas\u0131yla birlikte bir\u00e7ok ki\u015fi m\u00fcsli t\u00fcketmeye ba\u015flam\u0131\u015ft\u0131r. Ancak, m\u00fcsli kilo ald\u0131r\u0131r m\u0131 sorusu da s\u0131k\u00e7a sorulan bir sorudur. Bu konuda bilinmesi gereken birka\u00e7 \u00f6nemli nokta bulunmaktad\u0131r. \u00d6ncelikle, m\u00fcslinin i\u00e7eri\u011fine ve porsiyonuna dikkat etmek kilo al\u0131m\u0131n\u0131 \u00f6nlemek i\u00e7in \u00f6nemlidir. Genellikle m\u00fcsliler y\u00fcksek lif i\u00e7eri\u011fine [&hellip;]<\/p>\n","protected":false},"author":1,"featured_media":0,"comment_status":"open","ping_status":"open","sticky":false,"template":"","format":"standard","meta":{"footnotes":""},"categories":[233],"tags":[],"class_list":["post-26441","post","type-post","status-publish","format-standard","hentry","category-yulaf-musli-ve-gevrekler"],"blocksy_meta":[],"_links":{"self":[{"href":"https:\/\/kolayrezervasyon.com.tr\/blog\/wp-json\/wp\/v2\/posts\/26441","targetHints":{"allow":["GET"]}}],"collection":[{"href":"https:\/\/kolayrezervasyon.com.tr\/blog\/wp-json\/wp\/v2\/posts"}],"about":[{"href":"https:\/\/kolayrezervasyon.com.tr\/blog\/wp-json\/wp\/v2\/types\/post"}],"author":[{"embeddable":true,"href":"https:\/\/kolayrezervasyon.com.tr\/blog\/wp-json\/wp\/v2\/users\/1"}],"replies":[{"embeddable":true,"href":"https:\/\/kolayrezervasyon.com.tr\/blog\/wp-json\/wp\/v2\/comments?post=26441"}],"version-history":[{"count":0,"href":"https:\/\/kolayrezervasyon.com.tr\/blog\/wp-json\/wp\/v2\/posts\/26441\/revisions"}],"wp:attachment":[{"href":"https:\/\/kolayrezervasyon.com.tr\/blog\/wp-json\/wp\/v2\/media?parent=26441"}],"wp:term":[{"taxonomy":"category","embeddable":true,"href":"https:\/\/kolayrezervasyon.com.tr\/blog\/wp-json\/wp\/v2\/categories?post=26441"},{"taxonomy":"post_tag","embeddable":true,"href":"https:\/\/kolayrezervasyon.com.tr\/blog\/wp-json\/wp\/v2\/tags?post=26441"}],"curies":[{"name":"wp","href":"https:\/\/api.w.org\/{rel}","templated":true}]}}