{"id":12280,"date":"2024-11-30T23:06:27","date_gmt":"2024-11-30T20:06:27","guid":{"rendered":"https:\/\/kolayrezervasyon.com.tr\/blog\/seker-hastasi-ekmek-yerine-ne-yemeli\/"},"modified":"2024-11-30T23:10:06","modified_gmt":"2024-11-30T20:10:06","slug":"seker-hastasi-ekmek-yerine-ne-yemeli","status":"publish","type":"post","link":"https:\/\/kolayrezervasyon.com.tr\/blog\/seker-hastasi-ekmek-yerine-ne-yemeli\/","title":{"rendered":"\u015eeker hastas\u0131 ekmek yerine ne yemeli?"},"content":{"rendered":"<p>\u015eeker hastal\u0131\u011f\u0131, g\u00fcn\u00fcm\u00fczde giderek artan ve ciddi sa\u011fl\u0131k sorunlar\u0131na yol a\u00e7abilen bir hastal\u0131kt\u0131r. Bu hastal\u0131\u011fa sahip olan ki\u015filerin beslenme al\u0131\u015fkanl\u0131klar\u0131n\u0131 d\u00fczenlemeleri ve sa\u011fl\u0131kl\u0131 beslenme prensiplerine uymalar\u0131 olduk\u00e7a \u00f6nemlidir. \u015eeker hastalar\u0131n\u0131n ekmek t\u00fcketiminde dikkat etmeleri gereken birka\u00e7 nokta bulunmaktad\u0131r.<\/p>\n<p>\u015eeker hastalar\u0131, beyaz undan yap\u0131lan ve y\u00fcksek glisemik indekse sahip olan ekmek \u00e7e\u015fitlerinden uzak durmal\u0131d\u0131r. Bu t\u00fcr ekmekler, kan \u015fekerini h\u0131zla y\u00fckselterek \u015feker hastalar\u0131n\u0131n kan \u015fekeri seviyelerini kontrol etmelerini zorla\u015ft\u0131rabilir. Bunun yerine, lif oran\u0131 y\u00fcksek ve tam bu\u011fday unundan yap\u0131lan ekmekleri tercih etmelidirler. Tam bu\u011fday ekme\u011fi, kan \u015fekerini daha stabilize bir \u015fekilde y\u00fckseltir ve daha uzun s\u00fcre tok kalman\u0131z\u0131 sa\u011flar.<\/p>\n<p>\u015eeker hastalar\u0131 ayr\u0131ca, ekmek t\u00fcketirken porsiyon kontrol\u00fcne de dikkat etmelidirler. Abart\u0131l\u0131 miktarda ekmek t\u00fcketmek, kan \u015fekerinin h\u0131zla y\u00fckselmesine neden olabilir. Bir dilim tam bu\u011fday ekme\u011fi ya da kepekli ekmek tercih ederek, porsiyon kontrol\u00fcn\u00fc sa\u011flayabilirsiniz. E\u011fer ekmek t\u00fcketirken doymam\u0131\u015f ya\u011f kaynaklar\u0131 olan avokado, zeytin ya\u011f\u0131 veya ceviz gibi besinlerle t\u00fcketirseniz, kan \u015fekerinizin daha stabilize kalmas\u0131na yard\u0131mc\u0131 olabilirsiniz.<\/p>\n<p>\u015eeker hastalar\u0131n\u0131n ekmek yerine tercih edebilece\u011fi di\u011fer besinler aras\u0131nda ise sebzeler, meyveler, kurubaklagiller, tam bu\u011fday makarnalar\u0131 ve bulgur gibi lif oran\u0131 y\u00fcksek besinler bulunmaktad\u0131r. Bu besinler, kan \u015fekerinin daha yava\u015f y\u00fckselmesine ve daha uzun s\u00fcre tok kalman\u0131za yard\u0131mc\u0131 olabilir.<\/p>\n<p>Ayr\u0131ca, \u015feker hastalar\u0131n\u0131n beslenme d\u00fczeninde d\u00fc\u015f\u00fck glisemik indekse sahip besinleri tercih etmeleri de \u00f6nemlidir. Bu besinler, kan \u015fekerinin daha dengeli seyretmesine yard\u0131mc\u0131 olabilir. Kuru fasulye, nohut, mercimek gibi kurubaklagiller, yo\u011furt, kefir, badem gibi besinler d\u00fc\u015f\u00fck glisemik indekse sahip besinler aras\u0131nda yer almaktad\u0131r.<\/p>\n<p>Sonu\u00e7 olarak, \u015feker hastalar\u0131 ekmek t\u00fcketirken dikkatli olmal\u0131 ve do\u011fru tercihler yapmal\u0131d\u0131r. Tam bu\u011fday ekme\u011fi gibi lif oran\u0131 y\u00fcksek ekmekler tercih edilmeli, porsiyon kontrol\u00fc sa\u011flanmal\u0131 ve beslenme d\u00fczeninde \u00e7e\u015fitlilik sa\u011flanmal\u0131d\u0131r. Beslenme uzman\u0131 ya da diyetisyen ile g\u00f6r\u00fc\u015ferek ki\u015fiye \u00f6zel beslenme plan\u0131 olu\u015fturmak da \u00f6nemli bir ad\u0131md\u0131r. \u015eeker hastal\u0131\u011f\u0131 y\u00f6netimi, sa\u011fl\u0131kl\u0131 beslenme al\u0131\u015fkanl\u0131klar\u0131yla desteklendi\u011finde daha etkili olabilir.<\/p>\n","protected":false},"excerpt":{"rendered":"<p>\u015eeker hastal\u0131\u011f\u0131, g\u00fcn\u00fcm\u00fczde giderek artan ve ciddi sa\u011fl\u0131k sorunlar\u0131na yol a\u00e7abilen bir hastal\u0131kt\u0131r. Bu hastal\u0131\u011fa sahip olan ki\u015filerin beslenme al\u0131\u015fkanl\u0131klar\u0131n\u0131 d\u00fczenlemeleri ve sa\u011fl\u0131kl\u0131 beslenme prensiplerine uymalar\u0131 olduk\u00e7a \u00f6nemlidir. \u015eeker hastalar\u0131n\u0131n ekmek t\u00fcketiminde dikkat etmeleri gereken birka\u00e7 nokta bulunmaktad\u0131r. \u015eeker hastalar\u0131, beyaz undan yap\u0131lan ve y\u00fcksek glisemik indekse sahip olan ekmek \u00e7e\u015fitlerinden uzak durmal\u0131d\u0131r. Bu t\u00fcr [&hellip;]<\/p>\n","protected":false},"author":1,"featured_media":12281,"comment_status":"open","ping_status":"open","sticky":false,"template":"","format":"standard","meta":{"footnotes":""},"categories":[5],"tags":[],"class_list":["post-12280","post","type-post","status-publish","format-standard","has-post-thumbnail","hentry","category-diyet"],"blocksy_meta":[],"_links":{"self":[{"href":"https:\/\/kolayrezervasyon.com.tr\/blog\/wp-json\/wp\/v2\/posts\/12280","targetHints":{"allow":["GET"]}}],"collection":[{"href":"https:\/\/kolayrezervasyon.com.tr\/blog\/wp-json\/wp\/v2\/posts"}],"about":[{"href":"https:\/\/kolayrezervasyon.com.tr\/blog\/wp-json\/wp\/v2\/types\/post"}],"author":[{"embeddable":true,"href":"https:\/\/kolayrezervasyon.com.tr\/blog\/wp-json\/wp\/v2\/users\/1"}],"replies":[{"embeddable":true,"href":"https:\/\/kolayrezervasyon.com.tr\/blog\/wp-json\/wp\/v2\/comments?post=12280"}],"version-history":[{"count":1,"href":"https:\/\/kolayrezervasyon.com.tr\/blog\/wp-json\/wp\/v2\/posts\/12280\/revisions"}],"predecessor-version":[{"id":12284,"href":"https:\/\/kolayrezervasyon.com.tr\/blog\/wp-json\/wp\/v2\/posts\/12280\/revisions\/12284"}],"wp:featuredmedia":[{"embeddable":true,"href":"https:\/\/kolayrezervasyon.com.tr\/blog\/wp-json\/wp\/v2\/media\/12281"}],"wp:attachment":[{"href":"https:\/\/kolayrezervasyon.com.tr\/blog\/wp-json\/wp\/v2\/media?parent=12280"}],"wp:term":[{"taxonomy":"category","embeddable":true,"href":"https:\/\/kolayrezervasyon.com.tr\/blog\/wp-json\/wp\/v2\/categories?post=12280"},{"taxonomy":"post_tag","embeddable":true,"href":"https:\/\/kolayrezervasyon.com.tr\/blog\/wp-json\/wp\/v2\/tags?post=12280"}],"curies":[{"name":"wp","href":"https:\/\/api.w.org\/{rel}","templated":true}]}}