{"id":12231,"date":"2024-11-30T21:58:07","date_gmt":"2024-11-30T18:58:07","guid":{"rendered":"https:\/\/kolayrezervasyon.com.tr\/blog\/siyah-cay-sekeri-yukseltir-mi\/"},"modified":"2024-11-30T22:00:05","modified_gmt":"2024-11-30T19:00:05","slug":"siyah-cay-sekeri-yukseltir-mi","status":"publish","type":"post","link":"https:\/\/kolayrezervasyon.com.tr\/blog\/siyah-cay-sekeri-yukseltir-mi\/","title":{"rendered":"Siyah \u00e7ay \u015fekeri y\u00fckseltir mi?"},"content":{"rendered":"<p>Siyah \u00e7ay \u015fekeri y\u00fckseltir mi? Bu konuda genellikle yayg\u0131n bir yan\u0131lg\u0131 bulunmaktad\u0131r. Siyah \u00e7ay\u0131n i\u00e7erdi\u011fi kafein miktar\u0131, \u00e7o\u011fu insan\u0131n enerjisini artt\u0131rmak i\u00e7in tercih etti\u011fi bir i\u00e7ecek haline gelmi\u015ftir. Ancak, siyah \u00e7ay\u0131n i\u00e7erdi\u011fi do\u011fal \u015feker oran\u0131 nedeniyle baz\u0131 ki\u015filer taraf\u0131ndan \u015fekeri y\u00fckseltti\u011fi d\u00fc\u015f\u00fcn\u00fclebilir. Peki, ger\u00e7ekten siyah \u00e7ay \u015fekeri y\u00fckseltir mi?<\/p>\n<p>\u00d6ncelikle belirtmek gerekir ki, siyah \u00e7ay\u0131n i\u00e7erdi\u011fi \u015feker miktar\u0131 olduk\u00e7a d\u00fc\u015f\u00fckt\u00fcr. Siyah \u00e7ay\u0131n i\u00e7eri\u011finde do\u011fal olarak bulunan \u015feker oran\u0131, genellikle bir fincan siyah \u00e7ayda 2-3 gram civar\u0131ndad\u0131r. Bu miktar, genellikle kan \u015fekerini anlaml\u0131 derecede y\u00fckseltmeye yetmez. Dolay\u0131s\u0131yla, siyah \u00e7ay\u0131n \u015fekeri y\u00fckseltti\u011fi iddias\u0131 do\u011fru de\u011fildir.<\/p>\n<p>Ancak, siyah \u00e7ay\u0131n i\u00e7erdi\u011fi kafein miktar\u0131 baz\u0131 ki\u015filer i\u00e7in kan \u015fekerinde de\u011fi\u015fikliklere neden olabilir. Kafein, v\u00fccuttaki ins\u00fclin direncini art\u0131rabilir ve bu da kan \u015fekerinin kontrol\u00fcn\u00fc zorla\u015ft\u0131rabilir. Bu nedenle, baz\u0131 ki\u015filer siyah \u00e7ay t\u00fcketiminden sonra kan \u015fekerinde hafif y\u00fckselmeler ya\u015fayabilir. Ancak, bu durum genellikle k\u0131sa s\u00fcreli ve hafif seyreder.<\/p>\n<p>\u00d6te yandan, siyah \u00e7ay\u0131n i\u00e7erdi\u011fi antioksidanlar kan \u015fekerini dengelemeye yard\u0131mc\u0131 olabilir. Siyah \u00e7ay\u0131n i\u00e7eri\u011finde bulunan polifenoller, ins\u00fclin duyarl\u0131l\u0131\u011f\u0131n\u0131 art\u0131rabilir ve kan \u015fekeri seviyelerini kontrol alt\u0131nda tutabilir. Dolay\u0131s\u0131yla, siyah \u00e7ay\u0131n t\u00fcketilmesinin uzun vadede kan \u015fekerini olumlu y\u00f6nde etkileyebilece\u011fi d\u00fc\u015f\u00fcn\u00fclmektedir.<\/p>\n<p>Sonu\u00e7 olarak, siyah \u00e7ay\u0131n \u015fekeri y\u00fckseltti\u011fi iddias\u0131 do\u011fru de\u011fildir. Ancak, siyah \u00e7ay\u0131n i\u00e7erdi\u011fi kafein miktar\u0131 baz\u0131 ki\u015filerde kan \u015fekerinde hafif y\u00fckselmelere neden olabilir. Bu durum genellikle \u00f6nemsizdir ve siyah \u00e7ay\u0131n i\u00e7eri\u011finde bulunan antioksidanlar kan \u015fekerini dengelemeye yard\u0131mc\u0131 olabilir. Yine de, kan \u015fekerini d\u00fczenli olarak kontrol etmek ve sa\u011fl\u0131kl\u0131 bir beslenme d\u00fczeni olu\u015fturmak her zaman \u00f6nemlidir.<\/p>\n<p>E\u011fer siz de siyah \u00e7ay t\u00fcketiyorsan\u0131z ve kan \u015fekerinizde herhangi bir de\u011fi\u015fiklik fark ederseniz, mutlaka bir sa\u011fl\u0131k uzman\u0131na dan\u0131\u015fman\u0131z \u00f6nemlidir. Sa\u011fl\u0131kl\u0131 beslenme al\u0131\u015fkanl\u0131klar\u0131 ve d\u00fczenli egzersiz ile kan \u015fekerinizi kontrol alt\u0131nda tutabilirsiniz. Unutmay\u0131n, her \u015feyde oldu\u011fu gibi siyah \u00e7ay t\u00fcketiminde de dengeli olmak \u00f6nemlidir.<\/p>\n","protected":false},"excerpt":{"rendered":"<p>Siyah \u00e7ay \u015fekeri y\u00fckseltir mi? Bu konuda genellikle yayg\u0131n bir yan\u0131lg\u0131 bulunmaktad\u0131r. Siyah \u00e7ay\u0131n i\u00e7erdi\u011fi kafein miktar\u0131, \u00e7o\u011fu insan\u0131n enerjisini artt\u0131rmak i\u00e7in tercih etti\u011fi bir i\u00e7ecek haline gelmi\u015ftir. Ancak, siyah \u00e7ay\u0131n i\u00e7erdi\u011fi do\u011fal \u015feker oran\u0131 nedeniyle baz\u0131 ki\u015filer taraf\u0131ndan \u015fekeri y\u00fckseltti\u011fi d\u00fc\u015f\u00fcn\u00fclebilir. Peki, ger\u00e7ekten siyah \u00e7ay \u015fekeri y\u00fckseltir mi? \u00d6ncelikle belirtmek gerekir ki, siyah \u00e7ay\u0131n [&hellip;]<\/p>\n","protected":false},"author":1,"featured_media":12232,"comment_status":"open","ping_status":"open","sticky":false,"template":"","format":"standard","meta":{"footnotes":""},"categories":[5],"tags":[],"class_list":["post-12231","post","type-post","status-publish","format-standard","has-post-thumbnail","hentry","category-diyet"],"blocksy_meta":[],"_links":{"self":[{"href":"https:\/\/kolayrezervasyon.com.tr\/blog\/wp-json\/wp\/v2\/posts\/12231","targetHints":{"allow":["GET"]}}],"collection":[{"href":"https:\/\/kolayrezervasyon.com.tr\/blog\/wp-json\/wp\/v2\/posts"}],"about":[{"href":"https:\/\/kolayrezervasyon.com.tr\/blog\/wp-json\/wp\/v2\/types\/post"}],"author":[{"embeddable":true,"href":"https:\/\/kolayrezervasyon.com.tr\/blog\/wp-json\/wp\/v2\/users\/1"}],"replies":[{"embeddable":true,"href":"https:\/\/kolayrezervasyon.com.tr\/blog\/wp-json\/wp\/v2\/comments?post=12231"}],"version-history":[{"count":1,"href":"https:\/\/kolayrezervasyon.com.tr\/blog\/wp-json\/wp\/v2\/posts\/12231\/revisions"}],"predecessor-version":[{"id":12235,"href":"https:\/\/kolayrezervasyon.com.tr\/blog\/wp-json\/wp\/v2\/posts\/12231\/revisions\/12235"}],"wp:featuredmedia":[{"embeddable":true,"href":"https:\/\/kolayrezervasyon.com.tr\/blog\/wp-json\/wp\/v2\/media\/12232"}],"wp:attachment":[{"href":"https:\/\/kolayrezervasyon.com.tr\/blog\/wp-json\/wp\/v2\/media?parent=12231"}],"wp:term":[{"taxonomy":"category","embeddable":true,"href":"https:\/\/kolayrezervasyon.com.tr\/blog\/wp-json\/wp\/v2\/categories?post=12231"},{"taxonomy":"post_tag","embeddable":true,"href":"https:\/\/kolayrezervasyon.com.tr\/blog\/wp-json\/wp\/v2\/tags?post=12231"}],"curies":[{"name":"wp","href":"https:\/\/api.w.org\/{rel}","templated":true}]}}