{"id":12096,"date":"2024-11-30T18:46:58","date_gmt":"2024-11-30T15:46:58","guid":{"rendered":"https:\/\/kolayrezervasyon.com.tr\/blog\/seker-vucudu-kurutur-mu\/"},"modified":"2024-11-30T18:50:05","modified_gmt":"2024-11-30T15:50:05","slug":"seker-vucudu-kurutur-mu","status":"publish","type":"post","link":"https:\/\/kolayrezervasyon.com.tr\/blog\/seker-vucudu-kurutur-mu\/","title":{"rendered":"\u015eeker v\u00fccudu kurutur mu?"},"content":{"rendered":"<p>\u015eeker, g\u00fcn\u00fcm\u00fczde yayg\u0131n olarak t\u00fcketilen ve bir\u00e7ok tatl\u0131 ve i\u00e7ecekte bulunan bir besindir. Ancak, \u015fekerin a\u015f\u0131r\u0131 t\u00fcketiminin v\u00fccut \u00fczerinde bir\u00e7ok olumsuz etkisi oldu\u011fu bilinmektedir. Bunlardan biri de \u015fekerin v\u00fccudu kurutup kurutmad\u0131\u011f\u0131 konusudur.<\/p>\n<p>\u015eekerin v\u00fccudu kurutup kurutmad\u0131\u011f\u0131 konusunda farkl\u0131 g\u00f6r\u00fc\u015fler bulunmaktad\u0131r. Baz\u0131 uzmanlar, \u015fekerin v\u00fccutta susuzlu\u011fa neden oldu\u011funu ve dolay\u0131s\u0131yla v\u00fccudu kuruttu\u011funu savunmaktad\u0131r. \u015eeker t\u00fcketildi\u011finde kan \u015fekeri h\u0131zla y\u00fckselir ve bu durum b\u00f6breklerde daha fazla suyun at\u0131lmas\u0131na neden olabilir. Bu durum da v\u00fccudun su dengesinin bozulmas\u0131na ve kurumas\u0131na yol a\u00e7abilir.<\/p>\n<p>Di\u011fer yandan, baz\u0131 uzmanlar \u015fekerin v\u00fccudu kurutmad\u0131\u011f\u0131n\u0131, ancak a\u015f\u0131r\u0131 t\u00fcketildi\u011finde su kayb\u0131na neden olabilece\u011fini belirtmektedir. \u015eekerin t\u00fcketilmesiyle birlikte v\u00fccutta ins\u00fclin seviyeleri artar ve b\u00f6ylece b\u00f6breklerin daha fazla suyu emmesi gerekir. Bu durum da idrar miktar\u0131n\u0131n artmas\u0131na ve dolay\u0131s\u0131yla su kayb\u0131na neden olabilir. Ancak, bu durumun v\u00fccutta ciddi bir kurulu\u011fa yol a\u00e7t\u0131\u011f\u0131 s\u00f6ylenemez.<\/p>\n<p>\u015eekerin v\u00fccudu kurutup kurutmad\u0131\u011f\u0131 konusunda yap\u0131lan ara\u015ft\u0131rmalar da kar\u0131\u015f\u0131k sonu\u00e7lar vermektedir. Baz\u0131 \u00e7al\u0131\u015fmalar, \u015feker t\u00fcketiminin v\u00fccutta su kayb\u0131na neden olabilece\u011fini g\u00f6sterirken, di\u011fer \u00e7al\u0131\u015fmalar bu etkinin \u00e7ok az oldu\u011funu veya hi\u00e7 olmad\u0131\u011f\u0131n\u0131 g\u00f6stermektedir. Bu nedenle, \u015fekerin v\u00fccudu kurutup kurutmad\u0131\u011f\u0131 konusunda net bir cevap vermek zor olabilir.<\/p>\n<p>Ancak, \u015fekerin a\u015f\u0131r\u0131 t\u00fcketiminin v\u00fccut \u00fczerinde bir\u00e7ok olumsuz etkisi oldu\u011fu kesindir. A\u015f\u0131r\u0131 \u015feker t\u00fcketimi obeziteye, tip 2 diyabete, kalp hastal\u0131klar\u0131na ve di\u011fer bir\u00e7ok sa\u011fl\u0131k sorununa yol a\u00e7abilir. Bu nedenle, sa\u011fl\u0131kl\u0131 bir ya\u015fam s\u00fcrd\u00fcrmek isteyenlerin \u015feker t\u00fcketimine dikkat etmeleri ve m\u00fcmk\u00fcn oldu\u011funca do\u011fal ve sa\u011fl\u0131kl\u0131 besinleri tercih etmeleri \u00f6nemlidir.<\/p>\n<p>Sonu\u00e7 olarak, \u015fekerin v\u00fccudu kurutup kurutmad\u0131\u011f\u0131 konusunda kesin bir cevap vermek zor olsa da, a\u015f\u0131r\u0131 \u015feker t\u00fcketiminin v\u00fccut \u00fczerinde bir\u00e7ok olumsuz etkisi oldu\u011fu unutulmamal\u0131d\u0131r. Sa\u011fl\u0131kl\u0131 bir ya\u015fam i\u00e7in dengeli ve \u00f6l\u00e7\u00fcl\u00fc bir beslenme \u00f6nemlidir. \u015eeker t\u00fcketimini s\u0131n\u0131rlamak ve do\u011fal besinleri tercih etmek, v\u00fccut sa\u011fl\u0131\u011f\u0131n\u0131 korumak i\u00e7in at\u0131lacak \u00f6nemli ad\u0131mlard\u0131r.<\/p>\n","protected":false},"excerpt":{"rendered":"<p>\u015eeker, g\u00fcn\u00fcm\u00fczde yayg\u0131n olarak t\u00fcketilen ve bir\u00e7ok tatl\u0131 ve i\u00e7ecekte bulunan bir besindir. Ancak, \u015fekerin a\u015f\u0131r\u0131 t\u00fcketiminin v\u00fccut \u00fczerinde bir\u00e7ok olumsuz etkisi oldu\u011fu bilinmektedir. Bunlardan biri de \u015fekerin v\u00fccudu kurutup kurutmad\u0131\u011f\u0131 konusudur. \u015eekerin v\u00fccudu kurutup kurutmad\u0131\u011f\u0131 konusunda farkl\u0131 g\u00f6r\u00fc\u015fler bulunmaktad\u0131r. Baz\u0131 uzmanlar, \u015fekerin v\u00fccutta susuzlu\u011fa neden oldu\u011funu ve dolay\u0131s\u0131yla v\u00fccudu kuruttu\u011funu savunmaktad\u0131r. \u015eeker t\u00fcketildi\u011finde kan [&hellip;]<\/p>\n","protected":false},"author":1,"featured_media":12097,"comment_status":"open","ping_status":"open","sticky":false,"template":"","format":"standard","meta":{"footnotes":""},"categories":[5],"tags":[],"class_list":["post-12096","post","type-post","status-publish","format-standard","has-post-thumbnail","hentry","category-diyet"],"blocksy_meta":[],"_links":{"self":[{"href":"https:\/\/kolayrezervasyon.com.tr\/blog\/wp-json\/wp\/v2\/posts\/12096","targetHints":{"allow":["GET"]}}],"collection":[{"href":"https:\/\/kolayrezervasyon.com.tr\/blog\/wp-json\/wp\/v2\/posts"}],"about":[{"href":"https:\/\/kolayrezervasyon.com.tr\/blog\/wp-json\/wp\/v2\/types\/post"}],"author":[{"embeddable":true,"href":"https:\/\/kolayrezervasyon.com.tr\/blog\/wp-json\/wp\/v2\/users\/1"}],"replies":[{"embeddable":true,"href":"https:\/\/kolayrezervasyon.com.tr\/blog\/wp-json\/wp\/v2\/comments?post=12096"}],"version-history":[{"count":1,"href":"https:\/\/kolayrezervasyon.com.tr\/blog\/wp-json\/wp\/v2\/posts\/12096\/revisions"}],"predecessor-version":[{"id":12100,"href":"https:\/\/kolayrezervasyon.com.tr\/blog\/wp-json\/wp\/v2\/posts\/12096\/revisions\/12100"}],"wp:featuredmedia":[{"embeddable":true,"href":"https:\/\/kolayrezervasyon.com.tr\/blog\/wp-json\/wp\/v2\/media\/12097"}],"wp:attachment":[{"href":"https:\/\/kolayrezervasyon.com.tr\/blog\/wp-json\/wp\/v2\/media?parent=12096"}],"wp:term":[{"taxonomy":"category","embeddable":true,"href":"https:\/\/kolayrezervasyon.com.tr\/blog\/wp-json\/wp\/v2\/categories?post=12096"},{"taxonomy":"post_tag","embeddable":true,"href":"https:\/\/kolayrezervasyon.com.tr\/blog\/wp-json\/wp\/v2\/tags?post=12096"}],"curies":[{"name":"wp","href":"https:\/\/api.w.org\/{rel}","templated":true}]}}