{"id":12020,"date":"2024-11-30T16:51:14","date_gmt":"2024-11-30T13:51:14","guid":{"rendered":"https:\/\/kolayrezervasyon.com.tr\/blog\/sekeri-birakinca-yag-yakilir-mi\/"},"modified":"2024-11-30T17:00:10","modified_gmt":"2024-11-30T14:00:10","slug":"sekeri-birakinca-yag-yakilir-mi","status":"publish","type":"post","link":"https:\/\/kolayrezervasyon.com.tr\/blog\/sekeri-birakinca-yag-yakilir-mi\/","title":{"rendered":"\u015eekeri b\u0131rak\u0131nca ya\u011f yak\u0131l\u0131r m\u0131?"},"content":{"rendered":"<p>\u015eekeri b\u0131rakarak ya\u011f yak\u0131l\u0131r m\u0131 sorusu, g\u00fcn\u00fcm\u00fczde s\u0131k\u00e7a merak edilen ve tart\u0131\u015f\u0131lan konulardan biridir. \u015eeker t\u00fcketiminin azalt\u0131lmas\u0131n\u0131n veya tamamen b\u0131rak\u0131lmas\u0131n\u0131n, v\u00fccutta ya\u011f yak\u0131m\u0131n\u0131 h\u0131zland\u0131r\u0131p h\u0131zland\u0131rmayaca\u011f\u0131 konusunda bir\u00e7ok farkl\u0131 g\u00f6r\u00fc\u015f bulunmaktad\u0131r. Bu konuyu detayl\u0131 bir \u015fekilde ele alarak, \u015fekeri b\u0131rakman\u0131n ya\u011f yak\u0131m\u0131 \u00fczerindeki etkilerini inceleyelim.<\/p>\n<p>\u0130lk olarak, \u015fekerin v\u00fccuttaki ya\u011f depolanmas\u0131na etkisi \u00fczerinde durmak \u00f6nemlidir. \u015eeker, v\u00fccuda al\u0131nd\u0131\u011f\u0131nda h\u0131zl\u0131 bir \u015fekilde enerji sa\u011flar ve fazlas\u0131 ya\u011f olarak depolan\u0131r. \u00d6zellikle y\u00fcksek miktarda \u015feker t\u00fcketimi, ins\u00fclin seviyelerini y\u00fckselterek ya\u011f depolanmas\u0131n\u0131 tetikleyebilir. Bu nedenle, \u015feker t\u00fcketiminin azalt\u0131lmas\u0131 veya b\u0131rak\u0131lmas\u0131, v\u00fccuttaki ya\u011f depolanmas\u0131n\u0131 kontrol alt\u0131na alabilir.<\/p>\n<p>\u015eekerin b\u0131rak\u0131lmas\u0131yla birlikte, v\u00fccut enerji ihtiyac\u0131n\u0131 kar\u015f\u0131lamak i\u00e7in ya\u011f depolar\u0131ndan enerji kullanmaya ba\u015flar. Bu durum, ya\u011f yak\u0131m\u0131n\u0131 h\u0131zland\u0131rabilir ve kilo verme s\u00fcrecini destekleyebilir. Ancak, bu durum ki\u015fiden ki\u015fiye de\u011fi\u015febilece\u011fi i\u00e7in genelleme yapmak do\u011fru olmayabilir. Baz\u0131 insanlar \u015feker t\u00fcketimini azaltt\u0131klar\u0131nda h\u0131zl\u0131 bir \u015fekilde ya\u011f yakabilirken, baz\u0131lar\u0131 i\u00e7in bu s\u00fcre\u00e7 daha uzun ve zorlu olabilir.<\/p>\n<p>\u015eekerin b\u0131rak\u0131lmas\u0131yla birlikte, v\u00fccuttaki ins\u00fclin seviyeleri de dengelenir. Y\u00fcksek ins\u00fclin seviyeleri, ya\u011f depolanmas\u0131n\u0131 art\u0131rabilirken d\u00fc\u015f\u00fck ins\u00fclin seviyeleri, ya\u011f yak\u0131m\u0131n\u0131 te\u015fvik edebilir. Bu nedenle, \u015feker t\u00fcketiminin kontrol alt\u0131na al\u0131nmas\u0131, ins\u00fclin seviyelerinin dengelenmesine yard\u0131mc\u0131 olabilir ve ya\u011f yak\u0131m\u0131n\u0131 destekleyebilir.<\/p>\n<p>Ancak, \u015fekerin b\u0131rak\u0131lmas\u0131yla birlikte dikkat edilmesi gereken baz\u0131 noktalar da bulunmaktad\u0131r. \u00d6ncelikle, v\u00fccudun ihtiya\u00e7 duydu\u011fu enerjiyi kar\u015f\u0131lamak i\u00e7in sa\u011fl\u0131kl\u0131 karbonhidrat kaynaklar\u0131na y\u00f6nelmek \u00f6nemlidir. Sebzeler, meyveler, tam tah\u0131llar gibi kompleks karbonhidratlar, v\u00fccudun enerji ihtiyac\u0131n\u0131 kar\u015f\u0131layarak sa\u011fl\u0131kl\u0131 bir \u015fekilde kilo verme s\u00fcrecini destekleyebilir.<\/p>\n<p>Ayr\u0131ca, \u015fekerin b\u0131rak\u0131lmas\u0131yla birlikte protein ve sa\u011fl\u0131kl\u0131 ya\u011f t\u00fcketimine de dikkat etmek \u00f6nemlidir. Protein, kas k\u00fctlesinin korunmas\u0131na yard\u0131mc\u0131 olurken sa\u011fl\u0131kl\u0131 ya\u011flar, v\u00fccudun enerji ihtiyac\u0131n\u0131 kar\u015f\u0131lamaya yard\u0131mc\u0131 olabilir. Bu nedenle, dengeli bir beslenme program\u0131 olu\u015fturarak \u015feker t\u00fcketimini azaltmak, ya\u011f yak\u0131m\u0131n\u0131 destekleyebilir ve kilo verme s\u00fcrecini h\u0131zland\u0131rabilir.<\/p>\n<p>Sonu\u00e7 olarak, \u015fekerin b\u0131rak\u0131lmas\u0131yla ya\u011f yak\u0131l\u0131r m\u0131 sorusunun net bir cevab\u0131 bulunmamaktad\u0131r. Ancak, \u015feker t\u00fcketiminin azalt\u0131lmas\u0131 veya b\u0131rak\u0131lmas\u0131, v\u00fccuttaki ya\u011f depolanmas\u0131n\u0131 kontrol alt\u0131na alabilir ve ya\u011f yak\u0131m\u0131n\u0131 destekleyebilir. Bu nedenle, sa\u011fl\u0131kl\u0131 beslenme al\u0131\u015fkanl\u0131klar\u0131 edinerek ve d\u00fczenli egzersiz yaparak v\u00fccuttaki ya\u011f yak\u0131m\u0131n\u0131 h\u0131zland\u0131rmak m\u00fcmk\u00fcn olabilir. \u015eekerin b\u0131rak\u0131lmas\u0131yla birlikte, genel sa\u011fl\u0131k durumunuza dikkat ederek ve uzman bir diyetisyen veya sa\u011fl\u0131k uzman\u0131ndan destek alarak kilo verme s\u00fcrecinizi sa\u011fl\u0131kl\u0131 bir \u015fekilde y\u00f6netebilirsiniz.<\/p>\n","protected":false},"excerpt":{"rendered":"<p>\u015eekeri b\u0131rakarak ya\u011f yak\u0131l\u0131r m\u0131 sorusu, g\u00fcn\u00fcm\u00fczde s\u0131k\u00e7a merak edilen ve tart\u0131\u015f\u0131lan konulardan biridir. \u015eeker t\u00fcketiminin azalt\u0131lmas\u0131n\u0131n veya tamamen b\u0131rak\u0131lmas\u0131n\u0131n, v\u00fccutta ya\u011f yak\u0131m\u0131n\u0131 h\u0131zland\u0131r\u0131p h\u0131zland\u0131rmayaca\u011f\u0131 konusunda bir\u00e7ok farkl\u0131 g\u00f6r\u00fc\u015f bulunmaktad\u0131r. Bu konuyu detayl\u0131 bir \u015fekilde ele alarak, \u015fekeri b\u0131rakman\u0131n ya\u011f yak\u0131m\u0131 \u00fczerindeki etkilerini inceleyelim. \u0130lk olarak, \u015fekerin v\u00fccuttaki ya\u011f depolanmas\u0131na etkisi \u00fczerinde durmak \u00f6nemlidir. \u015eeker, [&hellip;]<\/p>\n","protected":false},"author":1,"featured_media":12026,"comment_status":"open","ping_status":"open","sticky":false,"template":"","format":"standard","meta":{"footnotes":""},"categories":[5],"tags":[],"class_list":["post-12020","post","type-post","status-publish","format-standard","has-post-thumbnail","hentry","category-diyet"],"blocksy_meta":[],"_links":{"self":[{"href":"https:\/\/kolayrezervasyon.com.tr\/blog\/wp-json\/wp\/v2\/posts\/12020","targetHints":{"allow":["GET"]}}],"collection":[{"href":"https:\/\/kolayrezervasyon.com.tr\/blog\/wp-json\/wp\/v2\/posts"}],"about":[{"href":"https:\/\/kolayrezervasyon.com.tr\/blog\/wp-json\/wp\/v2\/types\/post"}],"author":[{"embeddable":true,"href":"https:\/\/kolayrezervasyon.com.tr\/blog\/wp-json\/wp\/v2\/users\/1"}],"replies":[{"embeddable":true,"href":"https:\/\/kolayrezervasyon.com.tr\/blog\/wp-json\/wp\/v2\/comments?post=12020"}],"version-history":[{"count":1,"href":"https:\/\/kolayrezervasyon.com.tr\/blog\/wp-json\/wp\/v2\/posts\/12020\/revisions"}],"predecessor-version":[{"id":12029,"href":"https:\/\/kolayrezervasyon.com.tr\/blog\/wp-json\/wp\/v2\/posts\/12020\/revisions\/12029"}],"wp:featuredmedia":[{"embeddable":true,"href":"https:\/\/kolayrezervasyon.com.tr\/blog\/wp-json\/wp\/v2\/media\/12026"}],"wp:attachment":[{"href":"https:\/\/kolayrezervasyon.com.tr\/blog\/wp-json\/wp\/v2\/media?parent=12020"}],"wp:term":[{"taxonomy":"category","embeddable":true,"href":"https:\/\/kolayrezervasyon.com.tr\/blog\/wp-json\/wp\/v2\/categories?post=12020"},{"taxonomy":"post_tag","embeddable":true,"href":"https:\/\/kolayrezervasyon.com.tr\/blog\/wp-json\/wp\/v2\/tags?post=12020"}],"curies":[{"name":"wp","href":"https:\/\/api.w.org\/{rel}","templated":true}]}}