{"id":12006,"date":"2024-11-30T16:37:17","date_gmt":"2024-11-30T13:37:17","guid":{"rendered":"https:\/\/kolayrezervasyon.com.tr\/blog\/sekeri-tamamen-kesersek-ne-olur\/"},"modified":"2024-11-30T16:40:07","modified_gmt":"2024-11-30T13:40:07","slug":"sekeri-tamamen-kesersek-ne-olur","status":"publish","type":"post","link":"https:\/\/kolayrezervasyon.com.tr\/blog\/sekeri-tamamen-kesersek-ne-olur\/","title":{"rendered":"\u015eekeri tamamen kesersek ne olur?"},"content":{"rendered":"<p>\u015eekeri tamamen kesmek, sa\u011fl\u0131k a\u00e7\u0131s\u0131ndan ciddi sonu\u00e7lar do\u011furabilecek bir durumdur. \u015eeker, v\u00fccudumuz i\u00e7in gerekli olan bir enerji kayna\u011f\u0131d\u0131r ve \u00f6zellikle beyin h\u00fccreleri i\u00e7in temel bir yak\u0131t g\u00f6revi g\u00f6r\u00fcr. \u015eeker t\u00fcketimiyle ilgili olarak en \u00f6nemli nokta, t\u00fcketilen \u015feker miktar\u0131n\u0131n dengeli olmas\u0131d\u0131r. Ancak, \u015fekerin tamamen kesilmesi durumunda v\u00fccutta bir\u00e7ok olumsuz etki g\u00f6r\u00fclebilir.<\/p>\n<p>\u00d6ncelikle, \u015fekerin tamamen kesilmesi durumunda v\u00fccutta enerji eksikli\u011fi ya\u015fanabilir. \u015eeker, h\u0131zl\u0131 bir enerji kayna\u011f\u0131 oldu\u011fu i\u00e7in v\u00fccut bu enerjiyi hemen kullanabilir. Ancak, \u015feker al\u0131m\u0131 kesildi\u011finde v\u00fccut enerji ihtiyac\u0131n\u0131 kar\u015f\u0131layabilmek i\u00e7in ya\u011f depolar\u0131ndan enerji \u00fcretmeye ba\u015flar. Bu durumda kilo kayb\u0131 ya\u015fanabilir ancak ya\u011f yak\u0131m\u0131 s\u0131ras\u0131nda olu\u015fan asetondan kaynaklanan k\u00f6t\u00fc koku, ba\u015f a\u011fr\u0131s\u0131 gibi \u015fikayetler ortaya \u00e7\u0131kabilir.<\/p>\n<p>\u015eekerin tamamen kesilmesi durumunda kan \u015feker seviyelerinde de ciddi dalgalanmalar g\u00f6r\u00fclebilir. \u015eeker t\u00fcketimi d\u00fczenli oldu\u011funda kan \u015feker seviyeleri dengede kal\u0131r ancak \u015feker al\u0131m\u0131 kesildi\u011finde kan \u015feker seviyeleri d\u00fc\u015febilir ve hipoglisemi gibi sa\u011fl\u0131k sorunlar\u0131 ortaya \u00e7\u0131kabilir. Ayn\u0131 zamanda, kan \u015feker seviyelerindeki ani y\u00fckseli\u015fler de diyabet riskini art\u0131rabilir.<\/p>\n<p>\u015eekerin tamamen kesilmesi durumunda sindirim sistemi de olumsuz etkilenebilir. \u015eeker, ba\u011f\u0131rsaklardaki sa\u011fl\u0131kl\u0131 bakterilerin besin kayna\u011f\u0131d\u0131r ve \u015feker al\u0131m\u0131 kesildi\u011finde bu bakterilerin say\u0131s\u0131nda azalma g\u00f6r\u00fclebilir. Bu durum sindirim sorunlar\u0131na, \u00f6zellikle de kab\u0131zl\u0131\u011fa yol a\u00e7abilir.<\/p>\n<p>Ayr\u0131ca, \u015fekerin tamamen kesilmesi durumunda ruh hali \u00fczerinde de olumsuz etkiler g\u00f6r\u00fclebilir. \u015eeker, beyinde endorfin ve serotonin salg\u0131lanmas\u0131n\u0131 art\u0131rarak mutluluk hissi yarat\u0131r ancak \u015feker al\u0131m\u0131 kesildi\u011finde bu hormonlar\u0131n salg\u0131lanmas\u0131 azalabilir. Bu durum da depresyon, anksiyete gibi ruhsal sorunlara yol a\u00e7abilir.<\/p>\n<p>Sonu\u00e7 olarak, \u015fekerin tamamen kesilmesi v\u00fccutta bir\u00e7ok olumsuz etkiye neden olabilir. Bu nedenle, sa\u011fl\u0131kl\u0131 bir ya\u015fam s\u00fcrd\u00fcrebilmek i\u00e7in \u015feker t\u00fcketimini dengeli bir \u015fekilde yapmak ve \u00f6zellikle rafine \u015fekerlerden uzak durmak \u00f6nemlidir. Beslenme uzmanlar\u0131na dan\u0131\u015farak sa\u011fl\u0131kl\u0131 bir beslenme program\u0131 olu\u015fturmak ve \u015feker al\u0131m\u0131n\u0131 kontrol alt\u0131nda tutmak, v\u00fccudun ihtiya\u00e7 duydu\u011fu enerjiyi sa\u011flaman\u0131n yan\u0131 s\u0131ra sa\u011fl\u0131kl\u0131 bir ya\u015fam i\u00e7in de \u00f6nemlidir.<\/p>\n","protected":false},"excerpt":{"rendered":"<p>\u015eekeri tamamen kesmek, sa\u011fl\u0131k a\u00e7\u0131s\u0131ndan ciddi sonu\u00e7lar do\u011furabilecek bir durumdur. \u015eeker, v\u00fccudumuz i\u00e7in gerekli olan bir enerji kayna\u011f\u0131d\u0131r ve \u00f6zellikle beyin h\u00fccreleri i\u00e7in temel bir yak\u0131t g\u00f6revi g\u00f6r\u00fcr. \u015eeker t\u00fcketimiyle ilgili olarak en \u00f6nemli nokta, t\u00fcketilen \u015feker miktar\u0131n\u0131n dengeli olmas\u0131d\u0131r. Ancak, \u015fekerin tamamen kesilmesi durumunda v\u00fccutta bir\u00e7ok olumsuz etki g\u00f6r\u00fclebilir. \u00d6ncelikle, \u015fekerin tamamen kesilmesi durumunda [&hellip;]<\/p>\n","protected":false},"author":1,"featured_media":12007,"comment_status":"open","ping_status":"open","sticky":false,"template":"","format":"standard","meta":{"footnotes":""},"categories":[5],"tags":[],"class_list":["post-12006","post","type-post","status-publish","format-standard","has-post-thumbnail","hentry","category-diyet"],"blocksy_meta":[],"_links":{"self":[{"href":"https:\/\/kolayrezervasyon.com.tr\/blog\/wp-json\/wp\/v2\/posts\/12006","targetHints":{"allow":["GET"]}}],"collection":[{"href":"https:\/\/kolayrezervasyon.com.tr\/blog\/wp-json\/wp\/v2\/posts"}],"about":[{"href":"https:\/\/kolayrezervasyon.com.tr\/blog\/wp-json\/wp\/v2\/types\/post"}],"author":[{"embeddable":true,"href":"https:\/\/kolayrezervasyon.com.tr\/blog\/wp-json\/wp\/v2\/users\/1"}],"replies":[{"embeddable":true,"href":"https:\/\/kolayrezervasyon.com.tr\/blog\/wp-json\/wp\/v2\/comments?post=12006"}],"version-history":[{"count":1,"href":"https:\/\/kolayrezervasyon.com.tr\/blog\/wp-json\/wp\/v2\/posts\/12006\/revisions"}],"predecessor-version":[{"id":12010,"href":"https:\/\/kolayrezervasyon.com.tr\/blog\/wp-json\/wp\/v2\/posts\/12006\/revisions\/12010"}],"wp:featuredmedia":[{"embeddable":true,"href":"https:\/\/kolayrezervasyon.com.tr\/blog\/wp-json\/wp\/v2\/media\/12007"}],"wp:attachment":[{"href":"https:\/\/kolayrezervasyon.com.tr\/blog\/wp-json\/wp\/v2\/media?parent=12006"}],"wp:term":[{"taxonomy":"category","embeddable":true,"href":"https:\/\/kolayrezervasyon.com.tr\/blog\/wp-json\/wp\/v2\/categories?post=12006"},{"taxonomy":"post_tag","embeddable":true,"href":"https:\/\/kolayrezervasyon.com.tr\/blog\/wp-json\/wp\/v2\/tags?post=12006"}],"curies":[{"name":"wp","href":"https:\/\/api.w.org\/{rel}","templated":true}]}}