{"id":11985,"date":"2024-11-30T16:02:15","date_gmt":"2024-11-30T13:02:15","guid":{"rendered":"https:\/\/kolayrezervasyon.com.tr\/blog\/2-hafta-seker-yemezsem-ne-olur\/"},"modified":"2024-11-30T16:10:10","modified_gmt":"2024-11-30T13:10:10","slug":"2-hafta-seker-yemezsem-ne-olur","status":"publish","type":"post","link":"https:\/\/kolayrezervasyon.com.tr\/blog\/2-hafta-seker-yemezsem-ne-olur\/","title":{"rendered":"2 hafta \u015feker yemezsem ne olur?"},"content":{"rendered":"<p>\u015eeker, v\u00fccudumuz i\u00e7in enerji kayna\u011f\u0131 olmas\u0131n\u0131n yan\u0131 s\u0131ra beyin fonksiyonlar\u0131 i\u00e7in de gereklidir. Ancak a\u015f\u0131r\u0131 \u015feker t\u00fcketimi obezite, diyabet, kalp hastal\u0131klar\u0131 gibi bir\u00e7ok sa\u011fl\u0131k sorununa neden olabilir. Bu y\u00fczden \u015feker t\u00fcketimini kontrol alt\u0131nda tutmak \u00f6nemlidir. Peki, 2 hafta boyunca \u015feker yemezsek ne olur? Bu konuyu detayl\u0131 bir \u015fekilde ele alal\u0131m.<\/p>\n<p>\u0130lk olarak belirtmek gerekir ki, \u015fekerin v\u00fccut i\u00e7in gerekli olan do\u011fal \u015fekerlerle (meyve \u015fekeri gibi) kar\u0131\u015ft\u0131r\u0131lmamas\u0131 gerekmektedir. Rafine \u015fekerler, i\u015flenmi\u015f g\u0131dalardaki \u015fekerler ve \u015feker i\u00e7eren i\u00e7ecekler sa\u011fl\u0131k a\u00e7\u0131s\u0131ndan zararl\u0131 olabilir. Bu t\u00fcr \u015fekerleri 2 hafta boyunca t\u00fcketmemek v\u00fccudunuzda baz\u0131 de\u011fi\u015fikliklere neden olabilir.<\/p>\n<p>\u0130lk g\u00fcnlerde \u015feker t\u00fcketimini b\u0131rakt\u0131\u011f\u0131n\u0131zda v\u00fccudunuzda biraz zorlanma hissedebilirsiniz. \u00c7\u00fcnk\u00fc \u015feker, beyinde endorfin salg\u0131lanmas\u0131na neden olan bir maddedir ve bu nedenle ba\u011f\u0131ml\u0131l\u0131k yapabilir. \u015eeker t\u00fcketiminizi azaltt\u0131\u011f\u0131n\u0131zda ilk g\u00fcnlerde halsizlik, ba\u015f a\u011fr\u0131s\u0131 ve irritabilite gibi belirtilerle kar\u015f\u0131la\u015fabilirsiniz. Ancak bu belirtiler genellikle k\u0131sa s\u00fcreli olup v\u00fccudunuzun yeni d\u00fczene adapte olmas\u0131n\u0131n bir par\u00e7as\u0131d\u0131r.<\/p>\n<p>2 hafta boyunca \u015feker t\u00fcketmemenin v\u00fccudunuza olumlu etkileri de olacakt\u0131r. \u00d6ncelikle, kan \u015fekerinizin daha stabil hale gelmesi ve enerji seviyenizin artmas\u0131 beklenir. \u015eeker t\u00fcketimi azald\u0131\u011f\u0131nda v\u00fccudunuz ya\u011f yak\u0131m\u0131na odaklanabilir ve kilo vermeye yard\u0131mc\u0131 olabilir. Ayr\u0131ca \u015fekerin cilt sa\u011fl\u0131\u011f\u0131 \u00fczerinde olumsuz etkileri oldu\u011fu bilinmektedir, bu nedenle \u015feker t\u00fcketiminizi azaltt\u0131\u011f\u0131n\u0131zda cildinizde de olumlu de\u011fi\u015fiklikler g\u00f6rebilirsiniz.<\/p>\n<p>\u015eeker t\u00fcketiminizi azaltarak veya tamamen b\u0131rakarak ba\u011f\u0131\u015f\u0131kl\u0131k sisteminizi g\u00fc\u00e7lendirebilir ve enfeksiyonlara kar\u015f\u0131 daha diren\u00e7li hale gelebilirsiniz. Ayr\u0131ca \u015fekerin inflamasyonu artt\u0131rd\u0131\u011f\u0131 bilinmektedir, bu nedenle \u015feker t\u00fcketiminizi azaltarak iltihaplanma riskinizi de azaltabilirsiniz.<\/p>\n<p>Ancak her \u015feyde oldu\u011fu gibi, \u015feker t\u00fcketiminizi azaltma veya b\u0131rakma karar\u0131n\u0131z\u0131 al\u0131rken dengeli ve sa\u011fl\u0131kl\u0131 bir beslenme plan\u0131 olu\u015fturman\u0131z \u00f6nemlidir. V\u00fccudun ihtiya\u00e7 duydu\u011fu enerjiyi kar\u015f\u0131lamak i\u00e7in kompleks karbonhidratlar, proteinler ve sa\u011fl\u0131kl\u0131 ya\u011flar i\u00e7eren besinleri t\u00fcketmeye \u00f6zen g\u00f6stermelisiniz. Ayr\u0131ca yeterli miktarda su i\u00e7mek de v\u00fccudunuzun do\u011fru \u00e7al\u0131\u015fmas\u0131n\u0131 sa\u011flayacakt\u0131r.<\/p>\n<p>Sonu\u00e7 olarak, 2 hafta boyunca \u015feker t\u00fcketmemenin v\u00fccudunuza olumlu etkileri olabilece\u011fi gibi baz\u0131 zorluklarla da kar\u015f\u0131la\u015fabilirsiniz. Ancak \u015feker t\u00fcketimini kontrol alt\u0131nda tutmak sa\u011fl\u0131k a\u00e7\u0131s\u0131ndan \u00f6nemlidir ve bunun i\u00e7in beslenme al\u0131\u015fkanl\u0131klar\u0131n\u0131z\u0131 g\u00f6zden ge\u00e7irmeniz gerekebilir. Unutmay\u0131n, her \u015feyde oldu\u011fu gibi \u015feker t\u00fcketiminde de denge \u00f6nemlidir.<\/p>\n","protected":false},"excerpt":{"rendered":"<p>\u015eeker, v\u00fccudumuz i\u00e7in enerji kayna\u011f\u0131 olmas\u0131n\u0131n yan\u0131 s\u0131ra beyin fonksiyonlar\u0131 i\u00e7in de gereklidir. Ancak a\u015f\u0131r\u0131 \u015feker t\u00fcketimi obezite, diyabet, kalp hastal\u0131klar\u0131 gibi bir\u00e7ok sa\u011fl\u0131k sorununa neden olabilir. Bu y\u00fczden \u015feker t\u00fcketimini kontrol alt\u0131nda tutmak \u00f6nemlidir. Peki, 2 hafta boyunca \u015feker yemezsek ne olur? Bu konuyu detayl\u0131 bir \u015fekilde ele alal\u0131m. \u0130lk olarak belirtmek gerekir ki, [&hellip;]<\/p>\n","protected":false},"author":1,"featured_media":11991,"comment_status":"open","ping_status":"open","sticky":false,"template":"","format":"standard","meta":{"footnotes":""},"categories":[5],"tags":[],"class_list":["post-11985","post","type-post","status-publish","format-standard","has-post-thumbnail","hentry","category-diyet"],"blocksy_meta":[],"_links":{"self":[{"href":"https:\/\/kolayrezervasyon.com.tr\/blog\/wp-json\/wp\/v2\/posts\/11985","targetHints":{"allow":["GET"]}}],"collection":[{"href":"https:\/\/kolayrezervasyon.com.tr\/blog\/wp-json\/wp\/v2\/posts"}],"about":[{"href":"https:\/\/kolayrezervasyon.com.tr\/blog\/wp-json\/wp\/v2\/types\/post"}],"author":[{"embeddable":true,"href":"https:\/\/kolayrezervasyon.com.tr\/blog\/wp-json\/wp\/v2\/users\/1"}],"replies":[{"embeddable":true,"href":"https:\/\/kolayrezervasyon.com.tr\/blog\/wp-json\/wp\/v2\/comments?post=11985"}],"version-history":[{"count":1,"href":"https:\/\/kolayrezervasyon.com.tr\/blog\/wp-json\/wp\/v2\/posts\/11985\/revisions"}],"predecessor-version":[{"id":11994,"href":"https:\/\/kolayrezervasyon.com.tr\/blog\/wp-json\/wp\/v2\/posts\/11985\/revisions\/11994"}],"wp:featuredmedia":[{"embeddable":true,"href":"https:\/\/kolayrezervasyon.com.tr\/blog\/wp-json\/wp\/v2\/media\/11991"}],"wp:attachment":[{"href":"https:\/\/kolayrezervasyon.com.tr\/blog\/wp-json\/wp\/v2\/media?parent=11985"}],"wp:term":[{"taxonomy":"category","embeddable":true,"href":"https:\/\/kolayrezervasyon.com.tr\/blog\/wp-json\/wp\/v2\/categories?post=11985"},{"taxonomy":"post_tag","embeddable":true,"href":"https:\/\/kolayrezervasyon.com.tr\/blog\/wp-json\/wp\/v2\/tags?post=11985"}],"curies":[{"name":"wp","href":"https:\/\/api.w.org\/{rel}","templated":true}]}}